{"id":204987,"date":"2025-12-04T11:50:08","date_gmt":"2025-12-04T11:50:08","guid":{"rendered":"https:\/\/flh-expertise.com\/?p=204987"},"modified":"2025-12-09T10:03:26","modified_gmt":"2025-12-09T10:03:26","slug":"quand-lexpertise-comptable-rencontre-la-sensibilite-musicale-entretien-avec-florentina-cocos-fondatrice-de-flh-expertise","status":"publish","type":"post","link":"https:\/\/flh-expertise.com\/ro-ro\/quand-lexpertise-comptable-rencontre-la-sensibilite-musicale-entretien-avec-florentina-cocos-fondatrice-de-flh-expertise\/","title":{"rendered":"C\u00e2nd expertiza contabil\u0103 \u00eent\u00e2lne\u0219te sensibilitatea muzical\u0103"},"content":{"rendered":"<p><em>Interviu realizat de Alla Stincaru-Lunc\u0103 pentru \u201cMicrofonul C\u0103l\u0103tor\u201d<\/em><\/p>\n\n\n\n<p class=\"has-white-background-color has-text-color has-background has-link-color wp-elements-c6feca3de729bbef1dcd2d716d351130\" style=\"color:#926b44\"><strong>Jurnalista Alla Stincaru-Lunc\u0103 a stat de vorb\u0103 cu Florentina Coco\u0219, fondatoarea FLH Expertise, despre profesie, identitate \u0219i un parcurs construit cu r\u0103bdare \u0219i perseveren\u021b\u0103. Cu o experien\u021b\u0103 de peste 22 de ani \u00een domeniul financiar \u0219i contabil, Florentina vorbe\u0219te despre leg\u0103tura sa profund\u0103 cu Rom\u00e2nia, \u021bara sa natal\u0103, despre cum a reu\u0219it s\u0103 g\u0103seasc\u0103 un echilibru \u00eentre responsabilit\u0103\u021bile profesionale \u0219i via\u021ba de familie, dar \u0219i despre rolul esen\u021bial pe care muzica \u00eel joac\u0103 \u00een via\u021ba sa cotidian\u0103. O conversa\u021bie \u00een care cifrele se \u00eempletesc cu armonia, iar rigoarea cu sensibilitatea.<br><\/strong><br><strong>Interviul complet este disponibil <em><a href=\"https:\/\/microfonulcalator.com\/2025\/12\/01\/florentina-cocos-pe-scena-vietii-pariziene\/#\" target=\"_blank\" rel=\"noopener\">aici<\/a><\/em>.<\/strong><\/p>\n\n\n\n<h2 class=\"wp-block-heading has-white-color has-text-color has-background has-link-color has-medium-font-size wp-elements-a563da027e53b7694b4a0aaf377dba0c\" style=\"background-color:#926b44\"><strong>Cifre \u0219i muzic\u0103, dou\u0103 universuri care se completeaz\u0103 perfect<\/strong><\/h2>\n\n\n\n<p>O pianin\u0103 \u00een biroul unui expert contabil? Acest detaliu surprinde pe mul\u021bi dintre cei care trec pragul FLH Expertise. \u00centre documente, bilan\u021buri \u0219i ecrane, instrumentul muzical nu este un accesoriu, ci un reper al echilibrului interior pe care Florentina l-a cultivat de-a lungul anilor.<\/p>\n\n\n\n<p>Muzica o \u00eenso\u021be\u0219te din copil\u0103rie. Opt ani de studiu al pianului au l\u0103sat o urm\u0103 discret\u0103, dar puternic\u0103. Dup\u0103 o pauz\u0103 de dou\u0103 decenii, s-a \u00eentors la clape cu aceea\u0219i naturale\u021be, reg\u0103sind \u00een ele energie \u0219i echilibru. Ast\u0103zi c\u00e2nt\u0103 \u00eentr-o trup\u0103 de amatori, Optimum, unde rock-ul \u0219i pop-ul devin o form\u0103 de eliberare. Uneori, \u00eentre dou\u0103 \u0219edin\u021be sau dou\u0103 situa\u021bii fiscale, c\u00e2teva minute la pian sunt suficiente pentru a rea\u0219eza ritmul zilei.<\/p>\n\n\n\n<p>Aceast\u0103 sensibilitate se simte \u0219i \u00een felul \u00een care conduce cabinetul, unde rigoarea profesiei este dublat\u0103 de aten\u021bie, ascultare \u0219i disponibilitate fa\u021b\u0103 de oamenii cu care lucreaz\u0103.<\/p>\n\n\n\n<div style=\"height:10px\" aria-hidden=\"true\" class=\"wp-block-spacer\"><\/div>\n\n\n\n<h2 class=\"wp-block-heading has-white-color has-text-color has-background has-link-color has-medium-font-size wp-elements-1c855c74feb806e82c1ce8eb2a01db88\" style=\"background-color:#926b44\"><strong>Identitate \u0219i r\u0103d\u0103cini<\/strong><\/h2>\n\n\n\n<p class=\"translation-block\">Stabilit\u0103 \u00een Fran\u021ba de mul\u021bi ani, Florentina vorbe\u0219te adesea despre \u201eRom\u00e2nia mea\u201d, o expresie aparent simpl\u0103, dar \u00eenc\u0103rcat\u0103 de sens. \u00centre cultura francez\u0103 care a adoptat-o \u0219i r\u0103d\u0103cinile rom\u00e2ne\u0219ti care o definesc, nu exist\u0103 ruptur\u0103, ci o dubl\u0103 identitate pe care o poart\u0103 cu naturale\u021be \u0219i m\u00e2ndrie. Pentru ea, aceast\u0103 \u00eempletire este o surs\u0103 de echilibru \u0219i inspira\u021bie.<\/p>\n\n\n\n<p>Leg\u0103tura cu Rom\u00e2nia se reflect\u0103 \u0219i \u00een activitatea FLH Expertise, unde majoritatea clien\u021bilor sunt de origine rom\u00e2n\u0103 \u0219i reg\u0103sesc nu doar expertiz\u0103 tehnic\u0103, ci \u0219i o \u00een\u021belegere cultural\u0103 care face comunicarea mai fireasc\u0103 \u0219i mai direct\u0103. Aceast\u0103 proximitate transform\u0103 rela\u021bia de lucru \u00eentr-un parteneriat solid, construit pe \u00eencredere.<\/p>\n\n\n\n<div style=\"height:8px\" aria-hidden=\"true\" class=\"wp-block-spacer\"><\/div>\n\n\n\n<h2 class=\"wp-block-heading has-white-color has-text-color has-background has-link-color has-medium-font-size wp-elements-064804ccc6bfb2356a224f3913ca0dca\" style=\"background-color:#926b44\"><strong>C\u00e2nd timpul devine cel mai valoros activ<\/strong><\/h2>\n\n\n\n<p>Dac\u0103 \u00een trecut munca ocupa cea mai mare parte din via\u021b\u0103, ast\u0103zi priorit\u0103\u021bile s-au schimbat. Familia, s\u0103n\u0103tatea \u0219i echilibrul personal se afl\u0103 \u00een centrul preocup\u0103rilor, iar profesia \u00ee\u0219i g\u0103se\u0219te locul \u00eentr-un cadru matur \u0219i echilibrat. \u00cen biroul ei, o clepsidr\u0103 mare prin care nisipul curge lent aminte\u0219te c\u0103 via\u021ba se m\u0103soar\u0103 nu doar \u00een zile, ci \u0219i \u00een clipe.<\/p>\n\n\n\n<p class=\"translation-block\">Dincolo de profesie, Florentina r\u0103m\u00e2ne o persoan\u0103 implicat\u0103 \u00een proiecte asociative, \u00een special \u00een zona sprijinirii persoanelor cu autism (<a href=\"https:\/\/www.lesideotistes.com\/\" target=\"_blank\" rel=\"noopener\">Asocia\u021bia Les Id\u00e9Otistes<\/a>), \u0219i continu\u0103 s\u0103 lucreze \u00eendeaproape cu o echip\u0103 100% rom\u00e2neasc\u0103.\n<\/br><\/br>\nV\u0103 invit\u0103m s\u0103 ascultati interviul complet (<a href=\"https:\/\/microfonulcalator.com\/2025\/12\/01\/florentina-cocos-pe-scena-vietii-pariziene\/#\" target=\"_blank\" rel=\"noopener\"><em>aici<\/em><\/a>) pentru a o descoperi pe Florentina Coco\u0219 dincolo de cifre \u0219i certific\u0103ri profesionale.<\/p>\n\n\n\n<p><\/p>","protected":false},"excerpt":{"rendered":"<p>Jurnalista Alla Stincaru-Lunc\u0103 s-a \u00eent\u00e2lnit cu Florentina Coco\u0219, fondatoarea FLH Expertise\u2026<\/p>","protected":false},"author":3,"featured_media":204993,"comment_status":"closed","ping_status":"open","sticky":false,"template":"","format":"standard","meta":{"footnotes":""},"categories":[1],"tags":[],"class_list":["post-204987","post","type-post","status-publish","format-standard","has-post-thumbnail","hentry","category-business"],"_links":{"self":[{"href":"https:\/\/flh-expertise.com\/ro-ro\/wp-json\/wp\/v2\/posts\/204987","targetHints":{"allow":["GET"]}}],"collection":[{"href":"https:\/\/flh-expertise.com\/ro-ro\/wp-json\/wp\/v2\/posts"}],"about":[{"href":"https:\/\/flh-expertise.com\/ro-ro\/wp-json\/wp\/v2\/types\/post"}],"author":[{"embeddable":true,"href":"https:\/\/flh-expertise.com\/ro-ro\/wp-json\/wp\/v2\/users\/3"}],"replies":[{"embeddable":true,"href":"https:\/\/flh-expertise.com\/ro-ro\/wp-json\/wp\/v2\/comments?post=204987"}],"version-history":[{"count":90,"href":"https:\/\/flh-expertise.com\/ro-ro\/wp-json\/wp\/v2\/posts\/204987\/revisions"}],"predecessor-version":[{"id":205145,"href":"https:\/\/flh-expertise.com\/ro-ro\/wp-json\/wp\/v2\/posts\/204987\/revisions\/205145"}],"wp:featuredmedia":[{"embeddable":true,"href":"https:\/\/flh-expertise.com\/ro-ro\/wp-json\/wp\/v2\/media\/204993"}],"wp:attachment":[{"href":"https:\/\/flh-expertise.com\/ro-ro\/wp-json\/wp\/v2\/media?parent=204987"}],"wp:term":[{"taxonomy":"category","embeddable":true,"href":"https:\/\/flh-expertise.com\/ro-ro\/wp-json\/wp\/v2\/categories?post=204987"},{"taxonomy":"post_tag","embeddable":true,"href":"https:\/\/flh-expertise.com\/ro-ro\/wp-json\/wp\/v2\/tags?post=204987"}],"curies":[{"name":"wp","href":"https:\/\/api.w.org\/{rel}","templated":true}]}}